{"id":6420,"date":"2023-11-30T07:45:04","date_gmt":"2023-11-30T05:45:04","guid":{"rendered":"https:\/\/hillavillas.com\/?p=6420"},"modified":"2023-11-30T07:59:20","modified_gmt":"2023-11-30T05:59:20","slug":"jussi-vatanen-ja-jukka-oksaharju-mukana-uudessa-lapin-huvilavuokrauspalvelussa","status":"publish","type":"post","link":"https:\/\/hillavillas.com\/fi\/jussi-vatanen-ja-jukka-oksaharju-mukana-uudessa-lapin-huvilavuokrauspalvelussa\/","title":{"rendered":"Jussi Vatanen ja Jukka Oksaharju mukana uudessa Lapin huvilavuokrauspalvelussa"},"content":{"rendered":"\n<p>Lapin matkailu on vahvassa kasvussa, ja alkaneesta kaudesta odotetaan jopa enn\u00e4tyksellist\u00e4. Lentoyhteydet Lappiin ovat parantuneet vuosi vuodelta.<\/p>\n\n\n\n<p>\u201dLappi on maailman maagisimpia matkakohteita, ja sielt\u00e4 l\u00f6ytyy toinen toistaan kiehtovampia, ainutlaatuisia huviloita. Nyt nopeasti kasvava osa n\u00e4ist\u00e4 on liittynyt palveluumme, ja pystymme vastaamaan vaativimpienkin asiakkaiden tarpeisiin. Palvelustamme l\u00f6ytyv\u00e4t my\u00f6s laadukkaat el\u00e4myspalvelut kussakin tunturikohteessa. Pyrimme majoituksen ja aktiviteettien yhdistelm\u00e4ll\u00e4 tekem\u00e4\u00e4n loman suunnittelusta helppoa ja takaamaan matkailijoille unohtumattomia el\u00e4myksi\u00e4\u201d, kertoo my\u00f6s sijoituskirjailijana tunnettu <strong>Jukka Oksaharju<\/strong>.<\/p>\n\n\n\n<h5 class=\"wp-block-heading\">Palvelu syntyi omista tarpeista<\/h5>\n\n\n\n<p>\u201dSuomalaiset tuntevat Lappia jo varsin hyvin, mutta haluamme sen osuvan useamman kansainv\u00e4lisen matkailijan tutkaan. Kun taianomaiseen Lappiin ja sen luontoon kerran l\u00f6yt\u00e4\u00e4, se valloittaa helposti syd\u00e4men. Itse olen etenkin ty\u00f6ni my\u00f6t\u00e4 p\u00e4\u00e4ssyt tutustumaan alueeseen, ja sinne on p\u00e4\u00e4st\u00e4v\u00e4 s\u00e4\u00e4nn\u00f6llisesti,\u201d sanoo tiimiin kuuluva <strong>Jussi Vatanen<\/strong>.<\/p>\n\n\n\n<p>Suomesta on t\u00e4h\u00e4n saakka puuttunut palvelu, joka keskittyy Lapin laadukkaimpien kohteiden ja el\u00e4mysten tarjoamiseen kattavasti Lapin p\u00e4\u00e4kohteissa. Ajatus palvelun perustamisesta syntyi avainhenkil\u00f6iden omista havainnoista. Moni heist\u00e4 on itsekin huvilan omistaja ja vuokraaja. Vuokraajan n\u00e4k\u00f6kulmasta v\u00e4lityspalkkiot tuntuivat kovilta, ja matkailijan n\u00e4k\u00f6kulmasta tarjonta kirjavalta ja vaikeasti hahmotettavalta. Lis\u00e4ksi el\u00e4myspalvelut oli tyypillisesti kaivettava esiin erikseen. N\u00e4ihin haasteisiin Hilla Villas l\u00e4hti hakemaan muutosta.<\/p>\n\n\n\n<p>Kes\u00e4ll\u00e4 omistajakuntaan ja strategiseksi kumppaniksi liittyi kiinteist\u00f6nv\u00e4litt\u00e4j\u00e4 Bo LKV.<\/p>\n\n\n\n<p>&#8221;Olemme viime vuosina n\u00e4hneet aitiopaikalta Lapin lomakohteiden imun laajennettuamme omaa asuntokauppaamme muun muassa Leville ja Yll\u00e4kselle. Laadukkaiden loma-asuntojen kauppaan kuuluu tyypillisesti ostajien kiinnostus hakea tuottoja omien loma-asuntojen lyhytaikaisesta vuokraamisesta. Oli siis eritt\u00e4in luontevaa l\u00e4hte\u00e4 sijoittana ja kumppanina mukaan Hilla Villasiin, jonka kohderyhm\u00e4 ja filosofia sopivat hyvin yhteen oman ajattelumme kanssa\u201d, kertoo Bo:n toimitusjohtaja <strong>Tuomo R\u00e4s\u00e4nen<\/strong>.<\/p>\n\n\n\n<p>Yhteisty\u00f6 Alma Median kanssa kattaa laajasti median\u00e4kyvyytt\u00e4 Alma Median eri kanavissa.<br>\u201dHilla Villas tarjoaa mielenkiintoisen konseptin Lapin huvilakohteiden vuokraustoiminnalle ja uskomme, ett\u00e4 siit\u00e4 voi kehitty\u00e4 premium-kategorian johtava loma-asuntojen vuokrausalusta\u201d, arvioi Alma Consumer Vertailupalveluiden johtaja <strong>Maarit Tarkiainen<\/strong>.<\/p>\n\n\n\n<p>Hilla Villasin perustajia yhdist\u00e4\u00e4 intohimo Lappiin ja vankka usko alueen vetovoimaan. Tiimiin kuuluvat lis\u00e4ksi lis\u00e4ksi muun muassa PolarHouse Oy:n toimitusjohtaja <strong>Sameli L\u00e4hdesm\u00e4ki<\/strong>, IT-alan sarjayritt\u00e4j\u00e4 <strong>Olli Yliaho<\/strong>, Bo LKV:n Lapista vastaava kiinteist\u00f6nv\u00e4litt\u00e4j\u00e4 <strong>Tanja Sotka<\/strong> sek\u00e4 viestint\u00e4alan konkari <strong>Esa Laurila<\/strong>. Omistajista moni asuu Lapissa ja ty\u00f6skentelee matkailun parissa.<\/p>\n\n\n\n<p>Lis\u00e4tietoja:<br>Tanja Sotka, p. 045 274 4184<br>Jussi Vatanen, jussi.vatanen@hillavillas.com<br>Jukka Oksaharju, p. 050 376 0589<\/p>\n\n\n\n<p><a href=\"https:\/\/hillavillas.com\/fi\/tietoa-meista\/medialle\/\">Medialle: Kuvat ja logot<\/a><\/p>\n\n\n\n<p><a href=\"https:\/\/hillavillas.com\/\">www.hillavillas.com<br><\/a><a href=\"mailto:info@hillavillas.com\">info@hillavillas.com<\/a><\/p>\n","protected":false},"excerpt":{"rendered":"<p>Lapin matkailu on vahvassa kasvussa, ja alkaneesta kaudesta odotetaan jopa enn\u00e4tyksellist\u00e4. Lentoyhteydet Lappiin ovat parantuneet vuosi vuodelta. \u201dLappi on maailman &hellip;<\/p>\n","protected":false},"author":12,"featured_media":6407,"comment_status":"open","ping_status":"open","sticky":false,"template":"","format":"standard","meta":{"_acf_changed":false,"inline_featured_image":false,"_hillavillas_theme_hide_title":false,"footnotes":""},"categories":[200],"tags":[],"destination":[],"class_list":{"0":"post-6420","1":"post","2":"type-post","3":"status-publish","4":"format-standard","5":"has-post-thumbnail","6":"hentry","7":"category-tiedotteet","9":"with-featured-image"},"acf":[],"yoast_head":"<!-- This site is optimized with the Yoast SEO plugin v27.4 - https:\/\/yoast.com\/product\/yoast-seo-wordpress\/ -->\n<title>Jussi Vatanen ja Jukka Oksaharju mukana uudessa Lapin huvilavuokrauspalvelussa - Hilla Villas<\/title>\n<meta name=\"robots\" content=\"index, follow, max-snippet:-1, max-image-preview:large, max-video-preview:-1\" \/>\n<link rel=\"canonical\" href=\"https:\/\/hillavillas.com\/fi\/jussi-vatanen-ja-jukka-oksaharju-mukana-uudessa-lapin-huvilavuokrauspalvelussa\/\" \/>\n<meta property=\"og:locale\" content=\"fi_FI\" \/>\n<meta property=\"og:type\" content=\"article\" \/>\n<meta property=\"og:title\" content=\"Jussi Vatanen ja Jukka Oksaharju mukana uudessa Lapin huvilavuokrauspalvelussa - Hilla Villas\" \/>\n<meta property=\"og:description\" content=\"Lapin matkailu on vahvassa kasvussa, ja alkaneesta kaudesta odotetaan jopa enn\u00e4tyksellist\u00e4. Lentoyhteydet Lappiin ovat parantuneet vuosi vuodelta. \u201dLappi on maailman &hellip;\" \/>\n<meta property=\"og:url\" content=\"https:\/\/hillavillas.com\/fi\/jussi-vatanen-ja-jukka-oksaharju-mukana-uudessa-lapin-huvilavuokrauspalvelussa\/\" \/>\n<meta property=\"og:site_name\" content=\"Hilla Villas\" \/>\n<meta property=\"article:publisher\" content=\"https:\/\/www.facebook.com\/hillavillas\" \/>\n<meta property=\"article:published_time\" content=\"2023-11-30T05:45:04+00:00\" \/>\n<meta property=\"article:modified_time\" content=\"2023-11-30T05:59:20+00:00\" \/>\n<meta property=\"og:image\" content=\"https:\/\/hillavillas.com\/wp-content\/uploads\/2023\/11\/medialle.jpg\" \/>\n\t<meta property=\"og:image:width\" content=\"1600\" \/>\n\t<meta property=\"og:image:height\" content=\"790\" \/>\n\t<meta property=\"og:image:type\" content=\"image\/jpeg\" \/>\n<meta name=\"author\" content=\"Hilla Villas\" \/>\n<meta name=\"twitter:card\" content=\"summary_large_image\" \/>\n<meta name=\"twitter:label1\" content=\"Kirjoittanut\" \/>\n\t<meta name=\"twitter:data1\" content=\"Hilla Villas\" \/>\n\t<meta name=\"twitter:label2\" content=\"Arvioitu lukuaika\" \/>\n\t<meta name=\"twitter:data2\" content=\"2 minuuttia\" \/>\n<script type=\"application\/ld+json\" class=\"yoast-schema-graph\">{\"@context\":\"https:\\\/\\\/schema.org\",\"@graph\":[{\"@type\":\"Article\",\"@id\":\"https:\\\/\\\/hillavillas.com\\\/fi\\\/jussi-vatanen-ja-jukka-oksaharju-mukana-uudessa-lapin-huvilavuokrauspalvelussa\\\/#article\",\"isPartOf\":{\"@id\":\"https:\\\/\\\/hillavillas.com\\\/fi\\\/jussi-vatanen-ja-jukka-oksaharju-mukana-uudessa-lapin-huvilavuokrauspalvelussa\\\/\"},\"author\":{\"name\":\"Hilla Villas\",\"@id\":\"https:\\\/\\\/hillavillas.com\\\/#\\\/schema\\\/person\\\/04e1ca5e39777c619d82b93f86ec5546\"},\"headline\":\"Jussi Vatanen ja Jukka Oksaharju mukana uudessa Lapin huvilavuokrauspalvelussa\",\"datePublished\":\"2023-11-30T05:45:04+00:00\",\"dateModified\":\"2023-11-30T05:59:20+00:00\",\"mainEntityOfPage\":{\"@id\":\"https:\\\/\\\/hillavillas.com\\\/fi\\\/jussi-vatanen-ja-jukka-oksaharju-mukana-uudessa-lapin-huvilavuokrauspalvelussa\\\/\"},\"wordCount\":415,\"commentCount\":0,\"publisher\":{\"@id\":\"https:\\\/\\\/hillavillas.com\\\/#organization\"},\"image\":{\"@id\":\"https:\\\/\\\/hillavillas.com\\\/fi\\\/jussi-vatanen-ja-jukka-oksaharju-mukana-uudessa-lapin-huvilavuokrauspalvelussa\\\/#primaryimage\"},\"thumbnailUrl\":\"https:\\\/\\\/i0.wp.com\\\/hillavillas.com\\\/wp-content\\\/uploads\\\/2023\\\/11\\\/medialle.jpg?fit=1600%2C790&quality=89&ssl=1\",\"articleSection\":[\"Tiedotteet\"],\"inLanguage\":\"fi\",\"potentialAction\":[{\"@type\":\"CommentAction\",\"name\":\"Comment\",\"target\":[\"https:\\\/\\\/hillavillas.com\\\/fi\\\/jussi-vatanen-ja-jukka-oksaharju-mukana-uudessa-lapin-huvilavuokrauspalvelussa\\\/#respond\"]}]},{\"@type\":\"WebPage\",\"@id\":\"https:\\\/\\\/hillavillas.com\\\/fi\\\/jussi-vatanen-ja-jukka-oksaharju-mukana-uudessa-lapin-huvilavuokrauspalvelussa\\\/\",\"url\":\"https:\\\/\\\/hillavillas.com\\\/fi\\\/jussi-vatanen-ja-jukka-oksaharju-mukana-uudessa-lapin-huvilavuokrauspalvelussa\\\/\",\"name\":\"Jussi Vatanen ja Jukka Oksaharju mukana uudessa Lapin huvilavuokrauspalvelussa - Hilla Villas\",\"isPartOf\":{\"@id\":\"https:\\\/\\\/hillavillas.com\\\/#website\"},\"primaryImageOfPage\":{\"@id\":\"https:\\\/\\\/hillavillas.com\\\/fi\\\/jussi-vatanen-ja-jukka-oksaharju-mukana-uudessa-lapin-huvilavuokrauspalvelussa\\\/#primaryimage\"},\"image\":{\"@id\":\"https:\\\/\\\/hillavillas.com\\\/fi\\\/jussi-vatanen-ja-jukka-oksaharju-mukana-uudessa-lapin-huvilavuokrauspalvelussa\\\/#primaryimage\"},\"thumbnailUrl\":\"https:\\\/\\\/i0.wp.com\\\/hillavillas.com\\\/wp-content\\\/uploads\\\/2023\\\/11\\\/medialle.jpg?fit=1600%2C790&quality=89&ssl=1\",\"datePublished\":\"2023-11-30T05:45:04+00:00\",\"dateModified\":\"2023-11-30T05:59:20+00:00\",\"breadcrumb\":{\"@id\":\"https:\\\/\\\/hillavillas.com\\\/fi\\\/jussi-vatanen-ja-jukka-oksaharju-mukana-uudessa-lapin-huvilavuokrauspalvelussa\\\/#breadcrumb\"},\"inLanguage\":\"fi\",\"potentialAction\":[{\"@type\":\"ReadAction\",\"target\":[\"https:\\\/\\\/hillavillas.com\\\/fi\\\/jussi-vatanen-ja-jukka-oksaharju-mukana-uudessa-lapin-huvilavuokrauspalvelussa\\\/\"]}]},{\"@type\":\"ImageObject\",\"inLanguage\":\"fi\",\"@id\":\"https:\\\/\\\/hillavillas.com\\\/fi\\\/jussi-vatanen-ja-jukka-oksaharju-mukana-uudessa-lapin-huvilavuokrauspalvelussa\\\/#primaryimage\",\"url\":\"https:\\\/\\\/i0.wp.com\\\/hillavillas.com\\\/wp-content\\\/uploads\\\/2023\\\/11\\\/medialle.jpg?fit=1600%2C790&quality=89&ssl=1\",\"contentUrl\":\"https:\\\/\\\/i0.wp.com\\\/hillavillas.com\\\/wp-content\\\/uploads\\\/2023\\\/11\\\/medialle.jpg?fit=1600%2C790&quality=89&ssl=1\",\"width\":1600,\"height\":790},{\"@type\":\"BreadcrumbList\",\"@id\":\"https:\\\/\\\/hillavillas.com\\\/fi\\\/jussi-vatanen-ja-jukka-oksaharju-mukana-uudessa-lapin-huvilavuokrauspalvelussa\\\/#breadcrumb\",\"itemListElement\":[{\"@type\":\"ListItem\",\"position\":1,\"name\":\"Home\",\"item\":\"https:\\\/\\\/hillavillas.com\\\/fi\\\/\"},{\"@type\":\"ListItem\",\"position\":2,\"name\":\"Jussi Vatanen ja Jukka Oksaharju mukana uudessa Lapin huvilavuokrauspalvelussa\"}]},{\"@type\":\"WebSite\",\"@id\":\"https:\\\/\\\/hillavillas.com\\\/#website\",\"url\":\"https:\\\/\\\/hillavillas.com\\\/\",\"name\":\"Hilla Villas\",\"description\":\"\",\"publisher\":{\"@id\":\"https:\\\/\\\/hillavillas.com\\\/#organization\"},\"potentialAction\":[{\"@type\":\"SearchAction\",\"target\":{\"@type\":\"EntryPoint\",\"urlTemplate\":\"https:\\\/\\\/hillavillas.com\\\/?s={search_term_string}\"},\"query-input\":{\"@type\":\"PropertyValueSpecification\",\"valueRequired\":true,\"valueName\":\"search_term_string\"}}],\"inLanguage\":\"fi\"},{\"@type\":\"Organization\",\"@id\":\"https:\\\/\\\/hillavillas.com\\\/#organization\",\"name\":\"Hilla Villas\",\"url\":\"https:\\\/\\\/hillavillas.com\\\/\",\"logo\":{\"@type\":\"ImageObject\",\"inLanguage\":\"fi\",\"@id\":\"https:\\\/\\\/hillavillas.com\\\/#\\\/schema\\\/logo\\\/image\\\/\",\"url\":\"https:\\\/\\\/hillavillas.com\\\/wp-content\\\/uploads\\\/2023\\\/08\\\/hv-logo-dark.svg\",\"contentUrl\":\"https:\\\/\\\/hillavillas.com\\\/wp-content\\\/uploads\\\/2023\\\/08\\\/hv-logo-dark.svg\",\"width\":1,\"height\":1,\"caption\":\"Hilla Villas\"},\"image\":{\"@id\":\"https:\\\/\\\/hillavillas.com\\\/#\\\/schema\\\/logo\\\/image\\\/\"},\"sameAs\":[\"https:\\\/\\\/www.facebook.com\\\/hillavillas\",\"https:\\\/\\\/www.instagram.com\\\/hillavillas\"]},{\"@type\":\"Person\",\"@id\":\"https:\\\/\\\/hillavillas.com\\\/#\\\/schema\\\/person\\\/04e1ca5e39777c619d82b93f86ec5546\",\"name\":\"Hilla Villas\",\"image\":{\"@type\":\"ImageObject\",\"inLanguage\":\"fi\",\"@id\":\"https:\\\/\\\/secure.gravatar.com\\\/avatar\\\/9cc9fe2a00944c7c8d5101132a2a195c2a23bddba0ba8ebbaf23093da50f6486?s=96&d=mm&r=g\",\"url\":\"https:\\\/\\\/secure.gravatar.com\\\/avatar\\\/9cc9fe2a00944c7c8d5101132a2a195c2a23bddba0ba8ebbaf23093da50f6486?s=96&d=mm&r=g\",\"contentUrl\":\"https:\\\/\\\/secure.gravatar.com\\\/avatar\\\/9cc9fe2a00944c7c8d5101132a2a195c2a23bddba0ba8ebbaf23093da50f6486?s=96&d=mm&r=g\",\"caption\":\"Hilla Villas\"}}]}<\/script>\n<!-- \/ Yoast SEO plugin. -->","yoast_head_json":{"title":"Jussi Vatanen ja Jukka Oksaharju mukana uudessa Lapin huvilavuokrauspalvelussa - Hilla Villas","robots":{"index":"index","follow":"follow","max-snippet":"max-snippet:-1","max-image-preview":"max-image-preview:large","max-video-preview":"max-video-preview:-1"},"canonical":"https:\/\/hillavillas.com\/fi\/jussi-vatanen-ja-jukka-oksaharju-mukana-uudessa-lapin-huvilavuokrauspalvelussa\/","og_locale":"fi_FI","og_type":"article","og_title":"Jussi Vatanen ja Jukka Oksaharju mukana uudessa Lapin huvilavuokrauspalvelussa - Hilla Villas","og_description":"Lapin matkailu on vahvassa kasvussa, ja alkaneesta kaudesta odotetaan jopa enn\u00e4tyksellist\u00e4. Lentoyhteydet Lappiin ovat parantuneet vuosi vuodelta. \u201dLappi on maailman &hellip;","og_url":"https:\/\/hillavillas.com\/fi\/jussi-vatanen-ja-jukka-oksaharju-mukana-uudessa-lapin-huvilavuokrauspalvelussa\/","og_site_name":"Hilla Villas","article_publisher":"https:\/\/www.facebook.com\/hillavillas","article_published_time":"2023-11-30T05:45:04+00:00","article_modified_time":"2023-11-30T05:59:20+00:00","og_image":[{"width":1600,"height":790,"url":"https:\/\/hillavillas.com\/wp-content\/uploads\/2023\/11\/medialle.jpg","type":"image\/jpeg"}],"author":"Hilla Villas","twitter_card":"summary_large_image","twitter_misc":{"Kirjoittanut":"Hilla Villas","Arvioitu lukuaika":"2 minuuttia"},"schema":{"@context":"https:\/\/schema.org","@graph":[{"@type":"Article","@id":"https:\/\/hillavillas.com\/fi\/jussi-vatanen-ja-jukka-oksaharju-mukana-uudessa-lapin-huvilavuokrauspalvelussa\/#article","isPartOf":{"@id":"https:\/\/hillavillas.com\/fi\/jussi-vatanen-ja-jukka-oksaharju-mukana-uudessa-lapin-huvilavuokrauspalvelussa\/"},"author":{"name":"Hilla Villas","@id":"https:\/\/hillavillas.com\/#\/schema\/person\/04e1ca5e39777c619d82b93f86ec5546"},"headline":"Jussi Vatanen ja Jukka Oksaharju mukana uudessa Lapin huvilavuokrauspalvelussa","datePublished":"2023-11-30T05:45:04+00:00","dateModified":"2023-11-30T05:59:20+00:00","mainEntityOfPage":{"@id":"https:\/\/hillavillas.com\/fi\/jussi-vatanen-ja-jukka-oksaharju-mukana-uudessa-lapin-huvilavuokrauspalvelussa\/"},"wordCount":415,"commentCount":0,"publisher":{"@id":"https:\/\/hillavillas.com\/#organization"},"image":{"@id":"https:\/\/hillavillas.com\/fi\/jussi-vatanen-ja-jukka-oksaharju-mukana-uudessa-lapin-huvilavuokrauspalvelussa\/#primaryimage"},"thumbnailUrl":"https:\/\/i0.wp.com\/hillavillas.com\/wp-content\/uploads\/2023\/11\/medialle.jpg?fit=1600%2C790&quality=89&ssl=1","articleSection":["Tiedotteet"],"inLanguage":"fi","potentialAction":[{"@type":"CommentAction","name":"Comment","target":["https:\/\/hillavillas.com\/fi\/jussi-vatanen-ja-jukka-oksaharju-mukana-uudessa-lapin-huvilavuokrauspalvelussa\/#respond"]}]},{"@type":"WebPage","@id":"https:\/\/hillavillas.com\/fi\/jussi-vatanen-ja-jukka-oksaharju-mukana-uudessa-lapin-huvilavuokrauspalvelussa\/","url":"https:\/\/hillavillas.com\/fi\/jussi-vatanen-ja-jukka-oksaharju-mukana-uudessa-lapin-huvilavuokrauspalvelussa\/","name":"Jussi Vatanen ja Jukka Oksaharju mukana uudessa Lapin huvilavuokrauspalvelussa - Hilla Villas","isPartOf":{"@id":"https:\/\/hillavillas.com\/#website"},"primaryImageOfPage":{"@id":"https:\/\/hillavillas.com\/fi\/jussi-vatanen-ja-jukka-oksaharju-mukana-uudessa-lapin-huvilavuokrauspalvelussa\/#primaryimage"},"image":{"@id":"https:\/\/hillavillas.com\/fi\/jussi-vatanen-ja-jukka-oksaharju-mukana-uudessa-lapin-huvilavuokrauspalvelussa\/#primaryimage"},"thumbnailUrl":"https:\/\/i0.wp.com\/hillavillas.com\/wp-content\/uploads\/2023\/11\/medialle.jpg?fit=1600%2C790&quality=89&ssl=1","datePublished":"2023-11-30T05:45:04+00:00","dateModified":"2023-11-30T05:59:20+00:00","breadcrumb":{"@id":"https:\/\/hillavillas.com\/fi\/jussi-vatanen-ja-jukka-oksaharju-mukana-uudessa-lapin-huvilavuokrauspalvelussa\/#breadcrumb"},"inLanguage":"fi","potentialAction":[{"@type":"ReadAction","target":["https:\/\/hillavillas.com\/fi\/jussi-vatanen-ja-jukka-oksaharju-mukana-uudessa-lapin-huvilavuokrauspalvelussa\/"]}]},{"@type":"ImageObject","inLanguage":"fi","@id":"https:\/\/hillavillas.com\/fi\/jussi-vatanen-ja-jukka-oksaharju-mukana-uudessa-lapin-huvilavuokrauspalvelussa\/#primaryimage","url":"https:\/\/i0.wp.com\/hillavillas.com\/wp-content\/uploads\/2023\/11\/medialle.jpg?fit=1600%2C790&quality=89&ssl=1","contentUrl":"https:\/\/i0.wp.com\/hillavillas.com\/wp-content\/uploads\/2023\/11\/medialle.jpg?fit=1600%2C790&quality=89&ssl=1","width":1600,"height":790},{"@type":"BreadcrumbList","@id":"https:\/\/hillavillas.com\/fi\/jussi-vatanen-ja-jukka-oksaharju-mukana-uudessa-lapin-huvilavuokrauspalvelussa\/#breadcrumb","itemListElement":[{"@type":"ListItem","position":1,"name":"Home","item":"https:\/\/hillavillas.com\/fi\/"},{"@type":"ListItem","position":2,"name":"Jussi Vatanen ja Jukka Oksaharju mukana uudessa Lapin huvilavuokrauspalvelussa"}]},{"@type":"WebSite","@id":"https:\/\/hillavillas.com\/#website","url":"https:\/\/hillavillas.com\/","name":"Hilla Villas","description":"","publisher":{"@id":"https:\/\/hillavillas.com\/#organization"},"potentialAction":[{"@type":"SearchAction","target":{"@type":"EntryPoint","urlTemplate":"https:\/\/hillavillas.com\/?s={search_term_string}"},"query-input":{"@type":"PropertyValueSpecification","valueRequired":true,"valueName":"search_term_string"}}],"inLanguage":"fi"},{"@type":"Organization","@id":"https:\/\/hillavillas.com\/#organization","name":"Hilla Villas","url":"https:\/\/hillavillas.com\/","logo":{"@type":"ImageObject","inLanguage":"fi","@id":"https:\/\/hillavillas.com\/#\/schema\/logo\/image\/","url":"https:\/\/hillavillas.com\/wp-content\/uploads\/2023\/08\/hv-logo-dark.svg","contentUrl":"https:\/\/hillavillas.com\/wp-content\/uploads\/2023\/08\/hv-logo-dark.svg","width":1,"height":1,"caption":"Hilla Villas"},"image":{"@id":"https:\/\/hillavillas.com\/#\/schema\/logo\/image\/"},"sameAs":["https:\/\/www.facebook.com\/hillavillas","https:\/\/www.instagram.com\/hillavillas"]},{"@type":"Person","@id":"https:\/\/hillavillas.com\/#\/schema\/person\/04e1ca5e39777c619d82b93f86ec5546","name":"Hilla Villas","image":{"@type":"ImageObject","inLanguage":"fi","@id":"https:\/\/secure.gravatar.com\/avatar\/9cc9fe2a00944c7c8d5101132a2a195c2a23bddba0ba8ebbaf23093da50f6486?s=96&d=mm&r=g","url":"https:\/\/secure.gravatar.com\/avatar\/9cc9fe2a00944c7c8d5101132a2a195c2a23bddba0ba8ebbaf23093da50f6486?s=96&d=mm&r=g","contentUrl":"https:\/\/secure.gravatar.com\/avatar\/9cc9fe2a00944c7c8d5101132a2a195c2a23bddba0ba8ebbaf23093da50f6486?s=96&d=mm&r=g","caption":"Hilla Villas"}}]}},"featured_image_src":"https:\/\/hillavillas.com\/wp-content\/uploads\/2023\/11\/medialle.jpg","featured_image_src_square":"https:\/\/hillavillas.com\/wp-content\/uploads\/2023\/11\/medialle.jpg","author_info":{"display_name":"Hilla Villas","author_link":"https:\/\/hillavillas.com\/fi\/author\/hillavillas-author\/"},"_links":{"self":[{"href":"https:\/\/hillavillas.com\/fi\/wp-json\/wp\/v2\/posts\/6420","targetHints":{"allow":["GET"]}}],"collection":[{"href":"https:\/\/hillavillas.com\/fi\/wp-json\/wp\/v2\/posts"}],"about":[{"href":"https:\/\/hillavillas.com\/fi\/wp-json\/wp\/v2\/types\/post"}],"author":[{"embeddable":true,"href":"https:\/\/hillavillas.com\/fi\/wp-json\/wp\/v2\/users\/12"}],"replies":[{"embeddable":true,"href":"https:\/\/hillavillas.com\/fi\/wp-json\/wp\/v2\/comments?post=6420"}],"version-history":[{"count":0,"href":"https:\/\/hillavillas.com\/fi\/wp-json\/wp\/v2\/posts\/6420\/revisions"}],"wp:featuredmedia":[{"embeddable":true,"href":"https:\/\/hillavillas.com\/fi\/wp-json\/wp\/v2\/media\/6407"}],"wp:attachment":[{"href":"https:\/\/hillavillas.com\/fi\/wp-json\/wp\/v2\/media?parent=6420"}],"wp:term":[{"taxonomy":"category","embeddable":true,"href":"https:\/\/hillavillas.com\/fi\/wp-json\/wp\/v2\/categories?post=6420"},{"taxonomy":"post_tag","embeddable":true,"href":"https:\/\/hillavillas.com\/fi\/wp-json\/wp\/v2\/tags?post=6420"},{"taxonomy":"destination","embeddable":true,"href":"https:\/\/hillavillas.com\/fi\/wp-json\/wp\/v2\/destination?post=6420"}],"curies":[{"name":"wp","href":"https:\/\/api.w.org\/{rel}","templated":true}]}}