{"id":15390,"date":"2025-05-28T13:09:09","date_gmt":"2025-05-28T11:09:09","guid":{"rendered":"https:\/\/hillavillas.com\/?p=15390"},"modified":"2025-05-28T15:26:46","modified_gmt":"2025-05-28T13:26:46","slug":"alma-media-sijoitti-hilla-villasiin","status":"publish","type":"post","link":"https:\/\/hillavillas.com\/fi\/alma-media-sijoitti-hilla-villasiin\/","title":{"rendered":"Alma Media sijoitti Hilla Villasiin"},"content":{"rendered":"\n<p><strong>Lapin premium-huviloita vuokralle v\u00e4litt\u00e4v\u00e4 Hilla Villas on laajentanut omistuspohjaansa myym\u00e4ll\u00e4 10 prosentin osuuden yhti\u00f6st\u00e4 Alma Media Oyj:lle. Alma Median sijoitus kohdistuu t\u00e4ysim\u00e4\u00e4r\u00e4isesti liiketoiminnan kasvun vauhdittamiseen. Alma Media ja sen omistama Nettim\u00f6kki ovat olleet Hilla Villasin strategisia kumppaneita loppuvuodesta 2023 alkaen, ja nyt yhteisty\u00f6 syvenee sek\u00e4 omistuksellisesti ett\u00e4 operatiivisesti.<\/strong><\/p>\n\n\n\n<p>Voimakkaasti kasvaneen Hilla Villasin omistavat henkil\u00f6osakkaiden ohella kiinteist\u00f6v\u00e4litysyhti\u00f6 Bo ja nyt lis\u00e4ksi Alma Media. Yhti\u00f6 on laajentanut v\u00e4lityspalvelunsa loma-asuntotarjoaman kattamaan kaikki Suomen Lapin ja pohjoisen alueen keskeiset matkailukohteet. Hilla Villas palvelee sek\u00e4 kotimaisia ett\u00e4 ulkomaisia, laatua ja Lapin ainutlaatuisuutta arvostavia matkailijoita. Kansainv\u00e4listen asiakkaiden osuus edustaa jo valtaosaa, ja osuuden kasvu n\u00e4ytt\u00e4\u00e4 jatkuvan.<\/p>\n\n\n\n<p>\u201dOlen eritt\u00e4in iloinen, ett\u00e4 Helsingin p\u00f6rssin ylivoimaisesti laadukkain ja kannattavin mediayhti\u00f6 sijoittaa Hilla Villasin menestystarinaan ja sen kasvuvauhdin kiihdytt\u00e4miseen. Lapin ja Pohjois-Suomen matkailun premium-majoituksessa kansainv\u00e4linen kysynt\u00e4 kasvaa voimakkaasti, joten kyse on uskottavan tarjonnan luomisesta ja kysynn\u00e4n kanavoimisesta oikeaan paikkaan. T\u00e4ll\u00e4 kanssasijoittajien kokoonpanolla n\u00e4en parhaat mahdollisuudet saavuttaa merkitt\u00e4v\u00e4 markkinaosuus ja luoda tuntuvasti arvoa kaikille sidosryhmille\u201d, iloitsee Hilla Villasin perustajapartnereihin lukeutuva sijoitusalan moniosaaja <strong>Jukka Oksaharju<\/strong>.<\/p>\n\n\n\n<p><strong>Lapin erinomainen saavutettavuus siivitt\u00e4\u00e4 liiketoimintaa<\/strong><\/p>\n\n\n\n<p>Hilla Villasin ja Alma Median laajeneva yhteisty\u00f6 avaa vuokrausta harjoittaville huvilanomistajille aiempaa tehokkaammat monikanavaiset markkinointi- ja myyntialustat. Suunnitelmiin kuuluu Nettim\u00f6kin ja Hilla Villasin yhteisty\u00f6n tuntuva syvent\u00e4minen sek\u00e4 vaivattomien ja kannattavien palvelupakettien tarjoaminen huvilanomistajille.<\/p>\n\n\n\n<p>\u201dLappi on aina ollut l\u00e4hell\u00e4 syd\u00e4nt\u00e4ni. Mielest\u00e4ni on upeaa, ett\u00e4 yh\u00e4 useammalla suomalaisella ja ulkomaisella matkailijalla on mahdollisuus tutustua ja ihastua t\u00e4h\u00e4n taianomaiseen alueeseen. Haluamme tarjota t\u00e4m\u00e4n ikimuistoisen Lappi-el\u00e4myksen laadukkaasti\u201d, kertoo Hilla Villasin omistajiin kuuluva n\u00e4yttelij\u00e4 <strong>Jussi Vatanen<\/strong>.<\/p>\n\n\n\n<p>\u201dHilla Villasin kehitysvauhti ja asiakasl\u00e4ht\u00f6inen konsepti on tehnyt meihin suuren vaikutuksen. &nbsp;Uskomme, ett\u00e4 palvelusta voi kehitty\u00e4 premium-kategorian johtava loma-asuntoalusta Suomessa. Sijoitus vahvistaa asemaamme digitaalisena asumisen ja vapaa-ajan palveluiden tarjoajana\u201d, sanoo Alma Median vertailupalvelujen johtaja <strong>Maarit Tarkiainen<\/strong>.<\/p>\n\n\n\n<p>Hilla Villas perustettiin vastaamaan voimakkaasti kasvavaan Lapin-matkailun kysynt\u00e4\u00e4n erityisesti laadukkaiden vapaa-ajan asuntojen vuokrauksessa. Hilla Villasin kautta matkailija l\u00f6yt\u00e4\u00e4 my\u00f6s haluamansa aktiviteetti- ja el\u00e4myspalvelut. Yhti\u00f6 tekee yhteisty\u00f6t\u00e4 my\u00f6s usean kansainv\u00e4lisen matkatoimiston ja matkanv\u00e4litt\u00e4j\u00e4n kanssa. Lapin saavutettavuus on t\u00e4n\u00e4\u00e4n parempi kuin koskaan, sill\u00e4 lentoyhteydet Euroopasta ovat maantieteellisesti ja my\u00f6s vuodenaikojen osalta lis\u00e4\u00e4ntyneet varsin kattaviksi.<\/p>\n\n\n\n<p>Kes\u00e4ll\u00e4 2023 Hilla Villasin omistajakuntaan ja strategiseksi kumppaniksi liittyi my\u00f6s kiinteist\u00f6v\u00e4litysyhti\u00f6 Bo.<\/p>\n\n\n\n<p>Lis\u00e4tietoja:<\/p>\n\n\n\n<p>Jukka Oksaharju, Hilla Villas, p. 050 376 0589<\/p>\n\n\n\n<p>Jussi Vatanen, Hilla Villas, <a href=\"mailto:jussi.vatanen@hillavillas.com\">jussi.vatanen@hillavillas.com<\/a><\/p>\n\n\n\n<p>Maarit Tarkiainen, Alma Media, Alma Marketplaces, p. 050 341 5830<\/p>\n\n\n\n<p><em>Hilla Villas Oy vuokraa korkeatasoisia huviloita Lapissa, yhdess\u00e4 maailman maagisimmista matkakohteista. Valikoima kattaa alueen kaikki keskeiset matkailukeskittym\u00e4t. Hilla Villasin missiona on Lapin vetovoiman vahvistaminen sek\u00e4 kotimaisten ja kansainv\u00e4listen matkailijoiden lumoaminen unohtumattomilla el\u00e4myksill\u00e4. Yrityksen omistajilla on kiinte\u00e4t siteet pohjoisen matkailu- ja el\u00e4myspalveluihin. Vankkaan omistajakuntaan kuuluvat henkil\u00f6omistajien ohella Suomen arvostetuimpiin lukeutuva kiinteist\u00f6v\u00e4litysyhti\u00f6 Bo ja p\u00f6rssilistattu mediayhti\u00f6 Alma Media Oyj.<\/em><\/p>\n","protected":false},"excerpt":{"rendered":"<p>Lapin premium-huviloita vuokralle v\u00e4litt\u00e4v\u00e4 Hilla Villas on laajentanut omistuspohjaansa myym\u00e4ll\u00e4 10 prosentin osuuden yhti\u00f6st\u00e4 Alma Media Oyj:lle. Alma Median sijoitus &hellip;<\/p>\n","protected":false},"author":12,"featured_media":15391,"comment_status":"open","ping_status":"open","sticky":false,"template":"","format":"standard","meta":{"_acf_changed":true,"inline_featured_image":false,"_hillavillas_theme_hide_title":false,"footnotes":""},"categories":[200],"tags":[],"destination":[],"class_list":{"0":"post-15390","1":"post","2":"type-post","3":"status-publish","4":"format-standard","5":"has-post-thumbnail","6":"hentry","7":"category-tiedotteet","9":"with-featured-image"},"acf":[],"yoast_head":"<!-- This site is optimized with the Yoast SEO plugin v27.4 - https:\/\/yoast.com\/product\/yoast-seo-wordpress\/ -->\n<title>Alma Media sijoitti Hilla Villasiin - Hilla Villas<\/title>\n<meta name=\"robots\" content=\"index, follow, max-snippet:-1, max-image-preview:large, max-video-preview:-1\" \/>\n<link rel=\"canonical\" href=\"https:\/\/hillavillas.com\/fi\/alma-media-sijoitti-hilla-villasiin\/\" \/>\n<meta property=\"og:locale\" content=\"fi_FI\" \/>\n<meta property=\"og:type\" content=\"article\" \/>\n<meta property=\"og:title\" content=\"Alma Media sijoitti Hilla Villasiin - Hilla Villas\" \/>\n<meta property=\"og:description\" content=\"Lapin premium-huviloita vuokralle v\u00e4litt\u00e4v\u00e4 Hilla Villas on laajentanut omistuspohjaansa myym\u00e4ll\u00e4 10 prosentin osuuden yhti\u00f6st\u00e4 Alma Media Oyj:lle. Alma Median sijoitus &hellip;\" \/>\n<meta property=\"og:url\" content=\"https:\/\/hillavillas.com\/fi\/alma-media-sijoitti-hilla-villasiin\/\" \/>\n<meta property=\"og:site_name\" content=\"Hilla Villas\" \/>\n<meta property=\"article:publisher\" content=\"https:\/\/www.facebook.com\/hillavillas\" \/>\n<meta property=\"article:published_time\" content=\"2025-05-28T11:09:09+00:00\" \/>\n<meta property=\"article:modified_time\" content=\"2025-05-28T13:26:46+00:00\" \/>\n<meta property=\"og:image\" content=\"https:\/\/hillavillas.com\/wp-content\/uploads\/2025\/05\/alma.jpg\" \/>\n\t<meta property=\"og:image:width\" content=\"1920\" \/>\n\t<meta property=\"og:image:height\" content=\"962\" \/>\n\t<meta property=\"og:image:type\" content=\"image\/jpeg\" \/>\n<meta name=\"author\" content=\"Hilla Villas\" \/>\n<meta name=\"twitter:card\" content=\"summary_large_image\" \/>\n<meta name=\"twitter:label1\" content=\"Kirjoittanut\" \/>\n\t<meta name=\"twitter:data1\" content=\"Hilla Villas\" \/>\n\t<meta name=\"twitter:label2\" content=\"Arvioitu lukuaika\" \/>\n\t<meta name=\"twitter:data2\" content=\"3 minuuttia\" \/>\n<script type=\"application\/ld+json\" class=\"yoast-schema-graph\">{\"@context\":\"https:\\\/\\\/schema.org\",\"@graph\":[{\"@type\":\"Article\",\"@id\":\"https:\\\/\\\/hillavillas.com\\\/fi\\\/alma-media-sijoitti-hilla-villasiin\\\/#article\",\"isPartOf\":{\"@id\":\"https:\\\/\\\/hillavillas.com\\\/fi\\\/alma-media-sijoitti-hilla-villasiin\\\/\"},\"author\":{\"name\":\"Hilla Villas\",\"@id\":\"https:\\\/\\\/hillavillas.com\\\/#\\\/schema\\\/person\\\/04e1ca5e39777c619d82b93f86ec5546\"},\"headline\":\"Alma Media sijoitti Hilla Villasiin\",\"datePublished\":\"2025-05-28T11:09:09+00:00\",\"dateModified\":\"2025-05-28T13:26:46+00:00\",\"mainEntityOfPage\":{\"@id\":\"https:\\\/\\\/hillavillas.com\\\/fi\\\/alma-media-sijoitti-hilla-villasiin\\\/\"},\"wordCount\":487,\"commentCount\":0,\"publisher\":{\"@id\":\"https:\\\/\\\/hillavillas.com\\\/#organization\"},\"image\":{\"@id\":\"https:\\\/\\\/hillavillas.com\\\/fi\\\/alma-media-sijoitti-hilla-villasiin\\\/#primaryimage\"},\"thumbnailUrl\":\"https:\\\/\\\/i0.wp.com\\\/hillavillas.com\\\/wp-content\\\/uploads\\\/2025\\\/05\\\/alma.jpg?fit=1920%2C962&quality=89&ssl=1\",\"articleSection\":[\"Tiedotteet\"],\"inLanguage\":\"fi\",\"potentialAction\":[{\"@type\":\"CommentAction\",\"name\":\"Comment\",\"target\":[\"https:\\\/\\\/hillavillas.com\\\/fi\\\/alma-media-sijoitti-hilla-villasiin\\\/#respond\"]}]},{\"@type\":\"WebPage\",\"@id\":\"https:\\\/\\\/hillavillas.com\\\/fi\\\/alma-media-sijoitti-hilla-villasiin\\\/\",\"url\":\"https:\\\/\\\/hillavillas.com\\\/fi\\\/alma-media-sijoitti-hilla-villasiin\\\/\",\"name\":\"Alma Media sijoitti Hilla Villasiin - Hilla Villas\",\"isPartOf\":{\"@id\":\"https:\\\/\\\/hillavillas.com\\\/#website\"},\"primaryImageOfPage\":{\"@id\":\"https:\\\/\\\/hillavillas.com\\\/fi\\\/alma-media-sijoitti-hilla-villasiin\\\/#primaryimage\"},\"image\":{\"@id\":\"https:\\\/\\\/hillavillas.com\\\/fi\\\/alma-media-sijoitti-hilla-villasiin\\\/#primaryimage\"},\"thumbnailUrl\":\"https:\\\/\\\/i0.wp.com\\\/hillavillas.com\\\/wp-content\\\/uploads\\\/2025\\\/05\\\/alma.jpg?fit=1920%2C962&quality=89&ssl=1\",\"datePublished\":\"2025-05-28T11:09:09+00:00\",\"dateModified\":\"2025-05-28T13:26:46+00:00\",\"breadcrumb\":{\"@id\":\"https:\\\/\\\/hillavillas.com\\\/fi\\\/alma-media-sijoitti-hilla-villasiin\\\/#breadcrumb\"},\"inLanguage\":\"fi\",\"potentialAction\":[{\"@type\":\"ReadAction\",\"target\":[\"https:\\\/\\\/hillavillas.com\\\/fi\\\/alma-media-sijoitti-hilla-villasiin\\\/\"]}]},{\"@type\":\"ImageObject\",\"inLanguage\":\"fi\",\"@id\":\"https:\\\/\\\/hillavillas.com\\\/fi\\\/alma-media-sijoitti-hilla-villasiin\\\/#primaryimage\",\"url\":\"https:\\\/\\\/i0.wp.com\\\/hillavillas.com\\\/wp-content\\\/uploads\\\/2025\\\/05\\\/alma.jpg?fit=1920%2C962&quality=89&ssl=1\",\"contentUrl\":\"https:\\\/\\\/i0.wp.com\\\/hillavillas.com\\\/wp-content\\\/uploads\\\/2025\\\/05\\\/alma.jpg?fit=1920%2C962&quality=89&ssl=1\",\"width\":1920,\"height\":962},{\"@type\":\"BreadcrumbList\",\"@id\":\"https:\\\/\\\/hillavillas.com\\\/fi\\\/alma-media-sijoitti-hilla-villasiin\\\/#breadcrumb\",\"itemListElement\":[{\"@type\":\"ListItem\",\"position\":1,\"name\":\"Home\",\"item\":\"https:\\\/\\\/hillavillas.com\\\/fi\\\/\"},{\"@type\":\"ListItem\",\"position\":2,\"name\":\"Alma Media sijoitti Hilla Villasiin\"}]},{\"@type\":\"WebSite\",\"@id\":\"https:\\\/\\\/hillavillas.com\\\/#website\",\"url\":\"https:\\\/\\\/hillavillas.com\\\/\",\"name\":\"Hilla Villas\",\"description\":\"\",\"publisher\":{\"@id\":\"https:\\\/\\\/hillavillas.com\\\/#organization\"},\"potentialAction\":[{\"@type\":\"SearchAction\",\"target\":{\"@type\":\"EntryPoint\",\"urlTemplate\":\"https:\\\/\\\/hillavillas.com\\\/?s={search_term_string}\"},\"query-input\":{\"@type\":\"PropertyValueSpecification\",\"valueRequired\":true,\"valueName\":\"search_term_string\"}}],\"inLanguage\":\"fi\"},{\"@type\":\"Organization\",\"@id\":\"https:\\\/\\\/hillavillas.com\\\/#organization\",\"name\":\"Hilla Villas\",\"url\":\"https:\\\/\\\/hillavillas.com\\\/\",\"logo\":{\"@type\":\"ImageObject\",\"inLanguage\":\"fi\",\"@id\":\"https:\\\/\\\/hillavillas.com\\\/#\\\/schema\\\/logo\\\/image\\\/\",\"url\":\"https:\\\/\\\/hillavillas.com\\\/wp-content\\\/uploads\\\/2023\\\/08\\\/hv-logo-dark.svg\",\"contentUrl\":\"https:\\\/\\\/hillavillas.com\\\/wp-content\\\/uploads\\\/2023\\\/08\\\/hv-logo-dark.svg\",\"width\":1,\"height\":1,\"caption\":\"Hilla Villas\"},\"image\":{\"@id\":\"https:\\\/\\\/hillavillas.com\\\/#\\\/schema\\\/logo\\\/image\\\/\"},\"sameAs\":[\"https:\\\/\\\/www.facebook.com\\\/hillavillas\",\"https:\\\/\\\/www.instagram.com\\\/hillavillas\"]},{\"@type\":\"Person\",\"@id\":\"https:\\\/\\\/hillavillas.com\\\/#\\\/schema\\\/person\\\/04e1ca5e39777c619d82b93f86ec5546\",\"name\":\"Hilla Villas\",\"image\":{\"@type\":\"ImageObject\",\"inLanguage\":\"fi\",\"@id\":\"https:\\\/\\\/secure.gravatar.com\\\/avatar\\\/9cc9fe2a00944c7c8d5101132a2a195c2a23bddba0ba8ebbaf23093da50f6486?s=96&d=mm&r=g\",\"url\":\"https:\\\/\\\/secure.gravatar.com\\\/avatar\\\/9cc9fe2a00944c7c8d5101132a2a195c2a23bddba0ba8ebbaf23093da50f6486?s=96&d=mm&r=g\",\"contentUrl\":\"https:\\\/\\\/secure.gravatar.com\\\/avatar\\\/9cc9fe2a00944c7c8d5101132a2a195c2a23bddba0ba8ebbaf23093da50f6486?s=96&d=mm&r=g\",\"caption\":\"Hilla Villas\"}}]}<\/script>\n<!-- \/ Yoast SEO plugin. -->","yoast_head_json":{"title":"Alma Media sijoitti Hilla Villasiin - Hilla Villas","robots":{"index":"index","follow":"follow","max-snippet":"max-snippet:-1","max-image-preview":"max-image-preview:large","max-video-preview":"max-video-preview:-1"},"canonical":"https:\/\/hillavillas.com\/fi\/alma-media-sijoitti-hilla-villasiin\/","og_locale":"fi_FI","og_type":"article","og_title":"Alma Media sijoitti Hilla Villasiin - Hilla Villas","og_description":"Lapin premium-huviloita vuokralle v\u00e4litt\u00e4v\u00e4 Hilla Villas on laajentanut omistuspohjaansa myym\u00e4ll\u00e4 10 prosentin osuuden yhti\u00f6st\u00e4 Alma Media Oyj:lle. Alma Median sijoitus &hellip;","og_url":"https:\/\/hillavillas.com\/fi\/alma-media-sijoitti-hilla-villasiin\/","og_site_name":"Hilla Villas","article_publisher":"https:\/\/www.facebook.com\/hillavillas","article_published_time":"2025-05-28T11:09:09+00:00","article_modified_time":"2025-05-28T13:26:46+00:00","og_image":[{"width":1920,"height":962,"url":"https:\/\/hillavillas.com\/wp-content\/uploads\/2025\/05\/alma.jpg","type":"image\/jpeg"}],"author":"Hilla Villas","twitter_card":"summary_large_image","twitter_misc":{"Kirjoittanut":"Hilla Villas","Arvioitu lukuaika":"3 minuuttia"},"schema":{"@context":"https:\/\/schema.org","@graph":[{"@type":"Article","@id":"https:\/\/hillavillas.com\/fi\/alma-media-sijoitti-hilla-villasiin\/#article","isPartOf":{"@id":"https:\/\/hillavillas.com\/fi\/alma-media-sijoitti-hilla-villasiin\/"},"author":{"name":"Hilla Villas","@id":"https:\/\/hillavillas.com\/#\/schema\/person\/04e1ca5e39777c619d82b93f86ec5546"},"headline":"Alma Media sijoitti Hilla Villasiin","datePublished":"2025-05-28T11:09:09+00:00","dateModified":"2025-05-28T13:26:46+00:00","mainEntityOfPage":{"@id":"https:\/\/hillavillas.com\/fi\/alma-media-sijoitti-hilla-villasiin\/"},"wordCount":487,"commentCount":0,"publisher":{"@id":"https:\/\/hillavillas.com\/#organization"},"image":{"@id":"https:\/\/hillavillas.com\/fi\/alma-media-sijoitti-hilla-villasiin\/#primaryimage"},"thumbnailUrl":"https:\/\/i0.wp.com\/hillavillas.com\/wp-content\/uploads\/2025\/05\/alma.jpg?fit=1920%2C962&quality=89&ssl=1","articleSection":["Tiedotteet"],"inLanguage":"fi","potentialAction":[{"@type":"CommentAction","name":"Comment","target":["https:\/\/hillavillas.com\/fi\/alma-media-sijoitti-hilla-villasiin\/#respond"]}]},{"@type":"WebPage","@id":"https:\/\/hillavillas.com\/fi\/alma-media-sijoitti-hilla-villasiin\/","url":"https:\/\/hillavillas.com\/fi\/alma-media-sijoitti-hilla-villasiin\/","name":"Alma Media sijoitti Hilla Villasiin - Hilla Villas","isPartOf":{"@id":"https:\/\/hillavillas.com\/#website"},"primaryImageOfPage":{"@id":"https:\/\/hillavillas.com\/fi\/alma-media-sijoitti-hilla-villasiin\/#primaryimage"},"image":{"@id":"https:\/\/hillavillas.com\/fi\/alma-media-sijoitti-hilla-villasiin\/#primaryimage"},"thumbnailUrl":"https:\/\/i0.wp.com\/hillavillas.com\/wp-content\/uploads\/2025\/05\/alma.jpg?fit=1920%2C962&quality=89&ssl=1","datePublished":"2025-05-28T11:09:09+00:00","dateModified":"2025-05-28T13:26:46+00:00","breadcrumb":{"@id":"https:\/\/hillavillas.com\/fi\/alma-media-sijoitti-hilla-villasiin\/#breadcrumb"},"inLanguage":"fi","potentialAction":[{"@type":"ReadAction","target":["https:\/\/hillavillas.com\/fi\/alma-media-sijoitti-hilla-villasiin\/"]}]},{"@type":"ImageObject","inLanguage":"fi","@id":"https:\/\/hillavillas.com\/fi\/alma-media-sijoitti-hilla-villasiin\/#primaryimage","url":"https:\/\/i0.wp.com\/hillavillas.com\/wp-content\/uploads\/2025\/05\/alma.jpg?fit=1920%2C962&quality=89&ssl=1","contentUrl":"https:\/\/i0.wp.com\/hillavillas.com\/wp-content\/uploads\/2025\/05\/alma.jpg?fit=1920%2C962&quality=89&ssl=1","width":1920,"height":962},{"@type":"BreadcrumbList","@id":"https:\/\/hillavillas.com\/fi\/alma-media-sijoitti-hilla-villasiin\/#breadcrumb","itemListElement":[{"@type":"ListItem","position":1,"name":"Home","item":"https:\/\/hillavillas.com\/fi\/"},{"@type":"ListItem","position":2,"name":"Alma Media sijoitti Hilla Villasiin"}]},{"@type":"WebSite","@id":"https:\/\/hillavillas.com\/#website","url":"https:\/\/hillavillas.com\/","name":"Hilla Villas","description":"","publisher":{"@id":"https:\/\/hillavillas.com\/#organization"},"potentialAction":[{"@type":"SearchAction","target":{"@type":"EntryPoint","urlTemplate":"https:\/\/hillavillas.com\/?s={search_term_string}"},"query-input":{"@type":"PropertyValueSpecification","valueRequired":true,"valueName":"search_term_string"}}],"inLanguage":"fi"},{"@type":"Organization","@id":"https:\/\/hillavillas.com\/#organization","name":"Hilla Villas","url":"https:\/\/hillavillas.com\/","logo":{"@type":"ImageObject","inLanguage":"fi","@id":"https:\/\/hillavillas.com\/#\/schema\/logo\/image\/","url":"https:\/\/hillavillas.com\/wp-content\/uploads\/2023\/08\/hv-logo-dark.svg","contentUrl":"https:\/\/hillavillas.com\/wp-content\/uploads\/2023\/08\/hv-logo-dark.svg","width":1,"height":1,"caption":"Hilla Villas"},"image":{"@id":"https:\/\/hillavillas.com\/#\/schema\/logo\/image\/"},"sameAs":["https:\/\/www.facebook.com\/hillavillas","https:\/\/www.instagram.com\/hillavillas"]},{"@type":"Person","@id":"https:\/\/hillavillas.com\/#\/schema\/person\/04e1ca5e39777c619d82b93f86ec5546","name":"Hilla Villas","image":{"@type":"ImageObject","inLanguage":"fi","@id":"https:\/\/secure.gravatar.com\/avatar\/9cc9fe2a00944c7c8d5101132a2a195c2a23bddba0ba8ebbaf23093da50f6486?s=96&d=mm&r=g","url":"https:\/\/secure.gravatar.com\/avatar\/9cc9fe2a00944c7c8d5101132a2a195c2a23bddba0ba8ebbaf23093da50f6486?s=96&d=mm&r=g","contentUrl":"https:\/\/secure.gravatar.com\/avatar\/9cc9fe2a00944c7c8d5101132a2a195c2a23bddba0ba8ebbaf23093da50f6486?s=96&d=mm&r=g","caption":"Hilla Villas"}}]}},"featured_image_src":"https:\/\/hillavillas.com\/wp-content\/uploads\/2025\/05\/alma.jpg","featured_image_src_square":"https:\/\/hillavillas.com\/wp-content\/uploads\/2025\/05\/alma.jpg","author_info":{"display_name":"Hilla Villas","author_link":"https:\/\/hillavillas.com\/fi\/author\/hillavillas-author\/"},"_links":{"self":[{"href":"https:\/\/hillavillas.com\/fi\/wp-json\/wp\/v2\/posts\/15390","targetHints":{"allow":["GET"]}}],"collection":[{"href":"https:\/\/hillavillas.com\/fi\/wp-json\/wp\/v2\/posts"}],"about":[{"href":"https:\/\/hillavillas.com\/fi\/wp-json\/wp\/v2\/types\/post"}],"author":[{"embeddable":true,"href":"https:\/\/hillavillas.com\/fi\/wp-json\/wp\/v2\/users\/12"}],"replies":[{"embeddable":true,"href":"https:\/\/hillavillas.com\/fi\/wp-json\/wp\/v2\/comments?post=15390"}],"version-history":[{"count":0,"href":"https:\/\/hillavillas.com\/fi\/wp-json\/wp\/v2\/posts\/15390\/revisions"}],"wp:featuredmedia":[{"embeddable":true,"href":"https:\/\/hillavillas.com\/fi\/wp-json\/wp\/v2\/media\/15391"}],"wp:attachment":[{"href":"https:\/\/hillavillas.com\/fi\/wp-json\/wp\/v2\/media?parent=15390"}],"wp:term":[{"taxonomy":"category","embeddable":true,"href":"https:\/\/hillavillas.com\/fi\/wp-json\/wp\/v2\/categories?post=15390"},{"taxonomy":"post_tag","embeddable":true,"href":"https:\/\/hillavillas.com\/fi\/wp-json\/wp\/v2\/tags?post=15390"},{"taxonomy":"destination","embeddable":true,"href":"https:\/\/hillavillas.com\/fi\/wp-json\/wp\/v2\/destination?post=15390"}],"curies":[{"name":"wp","href":"https:\/\/api.w.org\/{rel}","templated":true}]}}